{"id":711,"date":"2015-03-13T21:06:32","date_gmt":"2015-03-13T19:06:32","guid":{"rendered":"http:\/\/amis-marbach.org\/wp\/?p=711"},"modified":"2015-07-10T17:31:19","modified_gmt":"2015-07-10T15:31:19","slug":"carnaval-de-lisle-adam","status":"publish","type":"post","link":"https:\/\/amis-marbach.org\/wp\/carnaval-de-lisle-adam\/","title":{"rendered":"Carnaval de l&rsquo;Isle-Adam (14 mars 2015)"},"content":{"rendered":"<h1><span style=\"color: #0000ff;\">Le char des Amis du Jumelage<br \/>\nL&rsquo;Isle-Adam &#8211; Marbach<strong><br \/>\n<\/strong><\/span><\/h1>\n<h3><span style=\"color: #0000ff;\">Samedi 14 mars 2015, l&rsquo;Association des Amis du Jumelage L&rsquo;Isle-Adam &#8211; Marbach am Neckar a particip\u00e9 activement au Carnaval.<\/span><\/h3>\n<h3><span style=\"color: #0000ff;\">Les adh\u00e9rents et sympathisants sont venus nombreux sur le parcours du d\u00e9fil\u00e9 !<\/span><\/h3>\n<p><a href=\"https:\/\/amis-marbach.org\/wp\/wp-content\/uploads\/IMG_4088.jpg\"><img loading=\"lazy\" decoding=\"async\" class=\"alignleft  wp-image-725\" src=\"https:\/\/amis-marbach.org\/wp\/wp-content\/uploads\/IMG_4088-1024x765.jpg\" alt=\"IMG_4088\" width=\"578\" height=\"432\" srcset=\"https:\/\/amis-marbach.org\/wp\/wp-content\/uploads\/IMG_4088-1024x765.jpg 1024w, https:\/\/amis-marbach.org\/wp\/wp-content\/uploads\/IMG_4088-300x224.jpg 300w, https:\/\/amis-marbach.org\/wp\/wp-content\/uploads\/IMG_4088-201x150.jpg 201w, https:\/\/amis-marbach.org\/wp\/wp-content\/uploads\/IMG_4088-150x112.jpg 150w\" sizes=\"auto, (max-width: 578px) 100vw, 578px\" \/><\/a><\/p>\n<p>&nbsp;<\/p>\n<h3><span style=\"color: #000000;\"><strong>\u00a0<\/strong><\/span><\/h3>\n<p>&nbsp;<\/p>\n<p>&nbsp;<\/p>\n<p>&nbsp;<\/p>\n<p>&nbsp;<\/p>\n<p>&nbsp;<\/p>\n<p>&nbsp;<\/p>\n<p>&nbsp;<\/p>\n<h3><span style=\"color: #0000ff;\"><a title=\"Carnaval 2015\" href=\"https:\/\/amis-marbach.org\/wp-albums\/2015_03_14_Carnaval\/index.htm\" target=\"_blank\">Voir toutes les photos &#8230;<\/a><\/span><\/h3>\n","protected":false},"excerpt":{"rendered":"<p>Le char des Amis du Jumelage L&rsquo;Isle-Adam &#8211; Marbach Samedi 14 mars 2015, l&rsquo;Association des Amis du Jumelage L&rsquo;Isle-Adam &#8211; Marbach am Neckar a particip\u00e9 activement au Carnaval. Les adh\u00e9rents et sympathisants sont venus nombreux sur le parcours du d\u00e9fil\u00e9 ! &nbsp; \u00a0 &nbsp; &nbsp; &nbsp; &nbsp; &nbsp; &nbsp; &nbsp; \u2026 <a class=\"continue-reading-link\" href=\"https:\/\/amis-marbach.org\/wp\/carnaval-de-lisle-adam\/\"> Lire la suite <span class=\"meta-nav\">&rarr; <\/span><\/a><\/p>\n","protected":false},"author":1,"featured_media":0,"comment_status":"closed","ping_status":"open","sticky":false,"template":"","format":"standard","meta":{"ngg_post_thumbnail":0,"footnotes":""},"categories":[7,5],"tags":[26,33],"class_list":["post-711","post","type-post","status-publish","format-standard","hentry","category-isle-adam","category-assoc","tag-carnaval","tag-fete"],"_links":{"self":[{"href":"https:\/\/amis-marbach.org\/wp\/wp-json\/wp\/v2\/posts\/711","targetHints":{"allow":["GET"]}}],"collection":[{"href":"https:\/\/amis-marbach.org\/wp\/wp-json\/wp\/v2\/posts"}],"about":[{"href":"https:\/\/amis-marbach.org\/wp\/wp-json\/wp\/v2\/types\/post"}],"author":[{"embeddable":true,"href":"https:\/\/amis-marbach.org\/wp\/wp-json\/wp\/v2\/users\/1"}],"replies":[{"embeddable":true,"href":"https:\/\/amis-marbach.org\/wp\/wp-json\/wp\/v2\/comments?post=711"}],"version-history":[{"count":24,"href":"https:\/\/amis-marbach.org\/wp\/wp-json\/wp\/v2\/posts\/711\/revisions"}],"predecessor-version":[{"id":1402,"href":"https:\/\/amis-marbach.org\/wp\/wp-json\/wp\/v2\/posts\/711\/revisions\/1402"}],"wp:attachment":[{"href":"https:\/\/amis-marbach.org\/wp\/wp-json\/wp\/v2\/media?parent=711"}],"wp:term":[{"taxonomy":"category","embeddable":true,"href":"https:\/\/amis-marbach.org\/wp\/wp-json\/wp\/v2\/categories?post=711"},{"taxonomy":"post_tag","embeddable":true,"href":"https:\/\/amis-marbach.org\/wp\/wp-json\/wp\/v2\/tags?post=711"}],"curies":[{"name":"wp","href":"https:\/\/api.w.org\/{rel}","templated":true}]}}